{"id":8497,"date":"2019-08-06T09:53:48","date_gmt":"2019-08-06T06:53:48","guid":{"rendered":"https:\/\/latvia.afssite.afs.org\/en\/?p=8497"},"modified":"2019-08-06T09:53:48","modified_gmt":"2019-08-06T06:53:48","slug":"sveicam-latvija-brivpratigo-chiara-no-italijas","status":"publish","type":"post","link":"https:\/\/afs.lv\/en\/sveicam-latvija-brivpratigo-chiara-no-italijas\/","title":{"rendered":"Sveicam Latvij\u0101 br\u012bvpr\u0101t\u012bgo Chiara no It\u0101lijas"},"content":{"rendered":"<p>Ar augustu s\u0101kam jaunu Eiropas Solidarit\u0101tes korpusa projektu un sveicin\u0101m\u00a0<a class=\"profileLink\" title=\"Chiara Turci\" href=\"https:\/\/www.facebook.com\/chiara.turci.1?__tn__=K-R&amp;eid=ARCkvxj0885gIghsFoW2uN_2P4i-OmIq8mIIZzt4-843xx-UxPO5J1SGcqlCinizflD9gZcxSOG-loh3&amp;fref=mentions&amp;__xts__%5B0%5D=68.ARAVVETOB9uwKd2L38CUOrbOcF7-rbw4JKc5zfAvqrLsMNQ8xSrdjcebpJ0m-6wb3BZrdZSHOrxvfA0MYspU-28SCWJg_vwdyqx494oH8WdNBMUZfQrDTE5Aj7yQKRQqqBk0DM3-7uHakZjyOSVoU63Kul6i-4eKFZsdOlBD780hYSZLLT35-9FgVwlQVpors0ZaeQotbcyX5osLpUVY69RbMGkV0ltNAGlM-o4sXDM_CHo9Jlhx8W9avURo_cJkJQEDpm_cnBhFaGtPnS8l70P0FSR8L4WzZ0nPTq1X9JpymQnj9DCo82-z_1tOf_13bbHTlbgTtu3SZhF4rpCebvoN9A\" data-hovercard=\"\/ajax\/hovercard\/user.php?id=100000720736089&amp;extragetparams=%7B%22__tn__%22%3A%22%2CdK-R-R%22%2C%22eid%22%3A%22ARCkvxj0885gIghsFoW2uN_2P4i-OmIq8mIIZzt4-843xx-UxPO5J1SGcqlCinizflD9gZcxSOG-loh3%22%2C%22fref%22%3A%22mentions%22%7D\" data-hovercard-prefer-more-content-show=\"1\">Chiara Turci<\/a>\u00a0no It\u0101lijas Latvij\u0101. Kop\u0101 mums daudz un interesantas idejas, ko \u012bstenot, k\u0101 ar\u012b vair\u0101ki publiski pas\u0101kumi, ko pl\u0101nojam organiz\u0113t.<\/p>\n<p><figure class=\"wp-image-wrap\"><img loading=\"lazy\" decoding=\"async\" class=\"aligncenter wp-image-8498 size-large\" src=\"https:\/\/d22dvihj4pfop3.cloudfront.net\/wp-content\/uploads\/sites\/72\/2019\/08\/06095316\/Chiara-EVS-768x1024.jpg\" alt=\"\" width=\"768\" height=\"1024\" \/><\/figure><\/p>\n<p>AFS br\u012bvpr\u0101t\u012bgajiem pirm\u0101 tik\u0161an\u0101s ar Kiaru jau 10.augusta vasaras pas\u0101kum\u0101!<\/p>\n<p>Laipni l\u016bgta Latvij\u0101! Welcome! Benvenuta!<\/p>\n<div class=\"text_exposed_show\">\n<p><a class=\"_58cn\" href=\"https:\/\/www.facebook.com\/hashtag\/essolidarit%C4%81teskorpuss?source=feed_text&amp;epa=HASHTAG&amp;__xts__%5B0%5D=68.ARAVVETOB9uwKd2L38CUOrbOcF7-rbw4JKc5zfAvqrLsMNQ8xSrdjcebpJ0m-6wb3BZrdZSHOrxvfA0MYspU-28SCWJg_vwdyqx494oH8WdNBMUZfQrDTE5Aj7yQKRQqqBk0DM3-7uHakZjyOSVoU63Kul6i-4eKFZsdOlBD780hYSZLLT35-9FgVwlQVpors0ZaeQotbcyX5osLpUVY69RbMGkV0ltNAGlM-o4sXDM_CHo9Jlhx8W9avURo_cJkJQEDpm_cnBhFaGtPnS8l70P0FSR8L4WzZ0nPTq1X9JpymQnj9DCo82-z_1tOf_13bbHTlbgTtu3SZhF4rpCebvoN9A&amp;__tn__=%2ANK-R\" data-ft=\"{&quot;type&quot;:104,&quot;tn&quot;:&quot;*N&quot;}\"><span class=\"_5afx\"><span class=\"_58cl _5afz\" aria-label=\"atsauces tags\">#<\/span><span class=\"_58cm\">ESSolidarit\u0101tesKorpuss<\/span><\/span><\/a>\u00a0<a class=\"_58cn\" href=\"https:\/\/www.facebook.com\/hashtag\/eusolidaritycorps?source=feed_text&amp;epa=HASHTAG&amp;__xts__%5B0%5D=68.ARAVVETOB9uwKd2L38CUOrbOcF7-rbw4JKc5zfAvqrLsMNQ8xSrdjcebpJ0m-6wb3BZrdZSHOrxvfA0MYspU-28SCWJg_vwdyqx494oH8WdNBMUZfQrDTE5Aj7yQKRQqqBk0DM3-7uHakZjyOSVoU63Kul6i-4eKFZsdOlBD780hYSZLLT35-9FgVwlQVpors0ZaeQotbcyX5osLpUVY69RbMGkV0ltNAGlM-o4sXDM_CHo9Jlhx8W9avURo_cJkJQEDpm_cnBhFaGtPnS8l70P0FSR8L4WzZ0nPTq1X9JpymQnj9DCo82-z_1tOf_13bbHTlbgTtu3SZhF4rpCebvoN9A&amp;__tn__=%2ANK-R\" data-ft=\"{&quot;type&quot;:104,&quot;tn&quot;:&quot;*N&quot;}\"><span class=\"_5afx\"><span class=\"_58cl _5afz\" aria-label=\"atsauces tags\">#<\/span><span class=\"_58cm\">EUSolidarityCorps<\/span><\/span><\/a>\u00a0<a class=\"_58cn\" href=\"https:\/\/www.facebook.com\/hashtag\/solidarit%C4%81te?source=feed_text&amp;epa=HASHTAG&amp;__xts__%5B0%5D=68.ARAVVETOB9uwKd2L38CUOrbOcF7-rbw4JKc5zfAvqrLsMNQ8xSrdjcebpJ0m-6wb3BZrdZSHOrxvfA0MYspU-28SCWJg_vwdyqx494oH8WdNBMUZfQrDTE5Aj7yQKRQqqBk0DM3-7uHakZjyOSVoU63Kul6i-4eKFZsdOlBD780hYSZLLT35-9FgVwlQVpors0ZaeQotbcyX5osLpUVY69RbMGkV0ltNAGlM-o4sXDM_CHo9Jlhx8W9avURo_cJkJQEDpm_cnBhFaGtPnS8l70P0FSR8L4WzZ0nPTq1X9JpymQnj9DCo82-z_1tOf_13bbHTlbgTtu3SZhF4rpCebvoN9A&amp;__tn__=%2ANK-R\" data-ft=\"{&quot;type&quot;:104,&quot;tn&quot;:&quot;*N&quot;}\"><span class=\"_5afx\"><span class=\"_58cl _5afz\" aria-label=\"atsauces tags\">#<\/span><span class=\"_58cm\">solidarit\u0101te<\/span><\/span><\/a><a class=\"_58cn\" href=\"https:\/\/www.facebook.com\/hashtag\/manasolidarit%C4%81te?source=feed_text&amp;epa=HASHTAG&amp;__xts__%5B0%5D=68.ARAVVETOB9uwKd2L38CUOrbOcF7-rbw4JKc5zfAvqrLsMNQ8xSrdjcebpJ0m-6wb3BZrdZSHOrxvfA0MYspU-28SCWJg_vwdyqx494oH8WdNBMUZfQrDTE5Aj7yQKRQqqBk0DM3-7uHakZjyOSVoU63Kul6i-4eKFZsdOlBD780hYSZLLT35-9FgVwlQVpors0ZaeQotbcyX5osLpUVY69RbMGkV0ltNAGlM-o4sXDM_CHo9Jlhx8W9avURo_cJkJQEDpm_cnBhFaGtPnS8l70P0FSR8L4WzZ0nPTq1X9JpymQnj9DCo82-z_1tOf_13bbHTlbgTtu3SZhF4rpCebvoN9A&amp;__tn__=%2ANK-R\" data-ft=\"{&quot;type&quot;:104,&quot;tn&quot;:&quot;*N&quot;}\"><span class=\"_5afx\"><span class=\"_58cl _5afz\" aria-label=\"atsauces tags\">#<\/span><span class=\"_58cm\">manasolidarit\u0101te<\/span><\/span><\/a><\/p>\n<\/div>\n","protected":false},"excerpt":{"rendered":"<p>Ar augustu s\u0101kam jaunu Eiropas Solidarit\u0101tes korpusa projektu un sveicin\u0101m\u00a0Chiara Turci\u00a0no It\u0101lijas Latvij\u0101. Kop\u0101 mums daudz un interesantas idejas, ko&hellip;<\/p>\n","protected":false},"author":672,"featured_media":0,"comment_status":"closed","ping_status":"closed","sticky":false,"template":"","format":"standard","meta":{"footnotes":""},"categories":[1],"tags":[],"class_list":["post-8497","post","type-post","status-publish","format-standard","hentry","category-uncategorized"],"yoast_head":"<!-- This site is optimized with the Yoast SEO plugin v26.6 - https:\/\/yoast.com\/wordpress\/plugins\/seo\/ -->\n<title>Sveicam Latvij\u0101 br\u012bvpr\u0101t\u012bgo Chiara no It\u0101lijas - Latvia<\/title>\n<meta name=\"robots\" content=\"index, follow, max-snippet:-1, max-image-preview:large, max-video-preview:-1\" \/>\n<link rel=\"canonical\" href=\"https:\/\/afs.lv\/en\/sveicam-latvija-brivpratigo-chiara-no-italijas\/\" \/>\n<meta property=\"og:locale\" content=\"en_US\" \/>\n<meta property=\"og:type\" content=\"article\" \/>\n<meta property=\"og:title\" content=\"Sveicam Latvij\u0101 br\u012bvpr\u0101t\u012bgo Chiara no It\u0101lijas - Latvia\" \/>\n<meta property=\"og:description\" content=\"Ar augustu s\u0101kam jaunu Eiropas Solidarit\u0101tes korpusa projektu un sveicin\u0101m\u00a0Chiara Turci\u00a0no It\u0101lijas Latvij\u0101. Kop\u0101 mums daudz un interesantas idejas, ko&hellip;\" \/>\n<meta property=\"og:url\" content=\"https:\/\/afs.lv\/en\/sveicam-latvija-brivpratigo-chiara-no-italijas\/\" \/>\n<meta property=\"og:site_name\" content=\"Latvia\" \/>\n<meta property=\"article:published_time\" content=\"2019-08-06T06:53:48+00:00\" \/>\n<meta property=\"og:image\" content=\"https:\/\/d22dvihj4pfop3.cloudfront.net\/wp-content\/uploads\/sites\/72\/2019\/08\/06095316\/Chiara-EVS-768x1024.jpg\" \/>\n<meta name=\"author\" content=\"sanita\" \/>\n<meta name=\"twitter:card\" content=\"summary_large_image\" \/>\n<meta name=\"twitter:label1\" content=\"Written by\" \/>\n\t<meta name=\"twitter:data1\" content=\"sanita\" \/>\n<script type=\"application\/ld+json\" class=\"yoast-schema-graph\">{\"@context\":\"https:\/\/schema.org\",\"@graph\":[{\"@type\":\"WebPage\",\"@id\":\"https:\/\/afs.lv\/en\/sveicam-latvija-brivpratigo-chiara-no-italijas\/\",\"url\":\"https:\/\/afs.lv\/en\/sveicam-latvija-brivpratigo-chiara-no-italijas\/\",\"name\":\"Sveicam Latvij\u0101 br\u012bvpr\u0101t\u012bgo Chiara no It\u0101lijas - Latvia\",\"isPartOf\":{\"@id\":\"https:\/\/afs.lv\/en\/#website\"},\"primaryImageOfPage\":{\"@id\":\"https:\/\/afs.lv\/en\/sveicam-latvija-brivpratigo-chiara-no-italijas\/#primaryimage\"},\"image\":{\"@id\":\"https:\/\/afs.lv\/en\/sveicam-latvija-brivpratigo-chiara-no-italijas\/#primaryimage\"},\"thumbnailUrl\":\"https:\/\/d22dvihj4pfop3.cloudfront.net\/wp-content\/uploads\/sites\/72\/2019\/08\/06095316\/Chiara-EVS-768x1024.jpg\",\"datePublished\":\"2019-08-06T06:53:48+00:00\",\"author\":{\"@id\":\"https:\/\/afs.lv\/en\/#\/schema\/person\/4ccfa269eddc4279d2bfb7b1eb34b5c1\"},\"breadcrumb\":{\"@id\":\"https:\/\/afs.lv\/en\/sveicam-latvija-brivpratigo-chiara-no-italijas\/#breadcrumb\"},\"inLanguage\":\"en-US\",\"potentialAction\":[{\"@type\":\"ReadAction\",\"target\":[\"https:\/\/afs.lv\/en\/sveicam-latvija-brivpratigo-chiara-no-italijas\/\"]}]},{\"@type\":\"ImageObject\",\"inLanguage\":\"en-US\",\"@id\":\"https:\/\/afs.lv\/en\/sveicam-latvija-brivpratigo-chiara-no-italijas\/#primaryimage\",\"url\":\"https:\/\/d22dvihj4pfop3.cloudfront.net\/wp-content\/uploads\/sites\/72\/2019\/08\/06095316\/Chiara-EVS-768x1024.jpg\",\"contentUrl\":\"https:\/\/d22dvihj4pfop3.cloudfront.net\/wp-content\/uploads\/sites\/72\/2019\/08\/06095316\/Chiara-EVS-768x1024.jpg\"},{\"@type\":\"BreadcrumbList\",\"@id\":\"https:\/\/afs.lv\/en\/sveicam-latvija-brivpratigo-chiara-no-italijas\/#breadcrumb\",\"itemListElement\":[{\"@type\":\"ListItem\",\"position\":1,\"name\":\"Home\",\"item\":\"https:\/\/latvia.afssite.afs.org\/en\/\"},{\"@type\":\"ListItem\",\"position\":2,\"name\":\"Sveicam Latvij\u0101 br\u012bvpr\u0101t\u012bgo Chiara no It\u0101lijas\"}]},{\"@type\":\"WebSite\",\"@id\":\"https:\/\/afs.lv\/en\/#website\",\"url\":\"https:\/\/afs.lv\/en\/\",\"name\":\"Latvia\",\"description\":\"Just another AFS International Platform Sites site\",\"potentialAction\":[{\"@type\":\"SearchAction\",\"target\":{\"@type\":\"EntryPoint\",\"urlTemplate\":\"https:\/\/afs.lv\/en\/?s={search_term_string}\"},\"query-input\":{\"@type\":\"PropertyValueSpecification\",\"valueRequired\":true,\"valueName\":\"search_term_string\"}}],\"inLanguage\":\"en-US\"},{\"@type\":\"Person\",\"@id\":\"https:\/\/afs.lv\/en\/#\/schema\/person\/4ccfa269eddc4279d2bfb7b1eb34b5c1\",\"name\":\"sanita\",\"image\":{\"@type\":\"ImageObject\",\"inLanguage\":\"en-US\",\"@id\":\"https:\/\/afs.lv\/en\/#\/schema\/person\/image\/\",\"url\":\"https:\/\/secure.gravatar.com\/avatar\/78025e92963aeae54a224dcf4d137bbeebbd1fc834880ce0764064c07e5160a6?s=96&d=mm&r=g\",\"contentUrl\":\"https:\/\/secure.gravatar.com\/avatar\/78025e92963aeae54a224dcf4d137bbeebbd1fc834880ce0764064c07e5160a6?s=96&d=mm&r=g\",\"caption\":\"sanita\"},\"url\":\"https:\/\/afs.lv\/en\/author\/sanita\/\"}]}<\/script>\n<!-- \/ Yoast SEO plugin. -->","yoast_head_json":{"title":"Sveicam Latvij\u0101 br\u012bvpr\u0101t\u012bgo Chiara no It\u0101lijas - Latvia","robots":{"index":"index","follow":"follow","max-snippet":"max-snippet:-1","max-image-preview":"max-image-preview:large","max-video-preview":"max-video-preview:-1"},"canonical":"https:\/\/afs.lv\/en\/sveicam-latvija-brivpratigo-chiara-no-italijas\/","og_locale":"en_US","og_type":"article","og_title":"Sveicam Latvij\u0101 br\u012bvpr\u0101t\u012bgo Chiara no It\u0101lijas - Latvia","og_description":"Ar augustu s\u0101kam jaunu Eiropas Solidarit\u0101tes korpusa projektu un sveicin\u0101m\u00a0Chiara Turci\u00a0no It\u0101lijas Latvij\u0101. Kop\u0101 mums daudz un interesantas idejas, ko&hellip;","og_url":"https:\/\/afs.lv\/en\/sveicam-latvija-brivpratigo-chiara-no-italijas\/","og_site_name":"Latvia","article_published_time":"2019-08-06T06:53:48+00:00","og_image":[{"url":"https:\/\/d22dvihj4pfop3.cloudfront.net\/wp-content\/uploads\/sites\/72\/2019\/08\/06095316\/Chiara-EVS-768x1024.jpg","type":"","width":"","height":""}],"author":"sanita","twitter_card":"summary_large_image","twitter_misc":{"Written by":"sanita"},"schema":{"@context":"https:\/\/schema.org","@graph":[{"@type":"WebPage","@id":"https:\/\/afs.lv\/en\/sveicam-latvija-brivpratigo-chiara-no-italijas\/","url":"https:\/\/afs.lv\/en\/sveicam-latvija-brivpratigo-chiara-no-italijas\/","name":"Sveicam Latvij\u0101 br\u012bvpr\u0101t\u012bgo Chiara no It\u0101lijas - Latvia","isPartOf":{"@id":"https:\/\/afs.lv\/en\/#website"},"primaryImageOfPage":{"@id":"https:\/\/afs.lv\/en\/sveicam-latvija-brivpratigo-chiara-no-italijas\/#primaryimage"},"image":{"@id":"https:\/\/afs.lv\/en\/sveicam-latvija-brivpratigo-chiara-no-italijas\/#primaryimage"},"thumbnailUrl":"https:\/\/d22dvihj4pfop3.cloudfront.net\/wp-content\/uploads\/sites\/72\/2019\/08\/06095316\/Chiara-EVS-768x1024.jpg","datePublished":"2019-08-06T06:53:48+00:00","author":{"@id":"https:\/\/afs.lv\/en\/#\/schema\/person\/4ccfa269eddc4279d2bfb7b1eb34b5c1"},"breadcrumb":{"@id":"https:\/\/afs.lv\/en\/sveicam-latvija-brivpratigo-chiara-no-italijas\/#breadcrumb"},"inLanguage":"en-US","potentialAction":[{"@type":"ReadAction","target":["https:\/\/afs.lv\/en\/sveicam-latvija-brivpratigo-chiara-no-italijas\/"]}]},{"@type":"ImageObject","inLanguage":"en-US","@id":"https:\/\/afs.lv\/en\/sveicam-latvija-brivpratigo-chiara-no-italijas\/#primaryimage","url":"https:\/\/d22dvihj4pfop3.cloudfront.net\/wp-content\/uploads\/sites\/72\/2019\/08\/06095316\/Chiara-EVS-768x1024.jpg","contentUrl":"https:\/\/d22dvihj4pfop3.cloudfront.net\/wp-content\/uploads\/sites\/72\/2019\/08\/06095316\/Chiara-EVS-768x1024.jpg"},{"@type":"BreadcrumbList","@id":"https:\/\/afs.lv\/en\/sveicam-latvija-brivpratigo-chiara-no-italijas\/#breadcrumb","itemListElement":[{"@type":"ListItem","position":1,"name":"Home","item":"https:\/\/latvia.afssite.afs.org\/en\/"},{"@type":"ListItem","position":2,"name":"Sveicam Latvij\u0101 br\u012bvpr\u0101t\u012bgo Chiara no It\u0101lijas"}]},{"@type":"WebSite","@id":"https:\/\/afs.lv\/en\/#website","url":"https:\/\/afs.lv\/en\/","name":"Latvia","description":"Just another AFS International Platform Sites site","potentialAction":[{"@type":"SearchAction","target":{"@type":"EntryPoint","urlTemplate":"https:\/\/afs.lv\/en\/?s={search_term_string}"},"query-input":{"@type":"PropertyValueSpecification","valueRequired":true,"valueName":"search_term_string"}}],"inLanguage":"en-US"},{"@type":"Person","@id":"https:\/\/afs.lv\/en\/#\/schema\/person\/4ccfa269eddc4279d2bfb7b1eb34b5c1","name":"sanita","image":{"@type":"ImageObject","inLanguage":"en-US","@id":"https:\/\/afs.lv\/en\/#\/schema\/person\/image\/","url":"https:\/\/secure.gravatar.com\/avatar\/78025e92963aeae54a224dcf4d137bbeebbd1fc834880ce0764064c07e5160a6?s=96&d=mm&r=g","contentUrl":"https:\/\/secure.gravatar.com\/avatar\/78025e92963aeae54a224dcf4d137bbeebbd1fc834880ce0764064c07e5160a6?s=96&d=mm&r=g","caption":"sanita"},"url":"https:\/\/afs.lv\/en\/author\/sanita\/"}]}},"_links":{"self":[{"href":"https:\/\/afs.lv\/en\/wp-json\/wp\/v2\/posts\/8497","targetHints":{"allow":["GET"]}}],"collection":[{"href":"https:\/\/afs.lv\/en\/wp-json\/wp\/v2\/posts"}],"about":[{"href":"https:\/\/afs.lv\/en\/wp-json\/wp\/v2\/types\/post"}],"author":[{"embeddable":true,"href":"https:\/\/afs.lv\/en\/wp-json\/wp\/v2\/users\/672"}],"replies":[{"embeddable":true,"href":"https:\/\/afs.lv\/en\/wp-json\/wp\/v2\/comments?post=8497"}],"version-history":[{"count":1,"href":"https:\/\/afs.lv\/en\/wp-json\/wp\/v2\/posts\/8497\/revisions"}],"predecessor-version":[{"id":8499,"href":"https:\/\/afs.lv\/en\/wp-json\/wp\/v2\/posts\/8497\/revisions\/8499"}],"wp:attachment":[{"href":"https:\/\/afs.lv\/en\/wp-json\/wp\/v2\/media?parent=8497"}],"wp:term":[{"taxonomy":"category","embeddable":true,"href":"https:\/\/afs.lv\/en\/wp-json\/wp\/v2\/categories?post=8497"},{"taxonomy":"post_tag","embeddable":true,"href":"https:\/\/afs.lv\/en\/wp-json\/wp\/v2\/tags?post=8497"}],"curies":[{"name":"wp","href":"https:\/\/api.w.org\/{rel}","templated":true}]}}